{"id":48128,"date":"2025-03-25T11:48:46","date_gmt":"2025-03-25T11:48:46","guid":{"rendered":"https:\/\/vejamob.com\/?p=48128"},"modified":"2025-03-25T11:48:47","modified_gmt":"2025-03-25T11:48:47","slug":"gazdasagos-zenei-fesztivalok","status":"publish","type":"post","link":"https:\/\/vejamob.com\/hu\/gazdasagos-zenei-fesztivalok\/","title":{"rendered":"A zenei fesztiv\u00e1lok gazdas\u00e1gtana: Hogyan alak\u00edtj\u00e1k \u00e1t az alkalmaz\u00e1sok az ipar\u00e1gat"},"content":{"rendered":"<p>Az ut\u00f3bbi \u00e9vekben a <a href=\"https:\/\/agenciasebrae.com.br\/cultura-empreendedora\/festivais-de-musica-impulsionam-pequenos-negocios-e-geram-emprego-e-renda-em-todo-o-pais\/\">zenei fesztiv\u00e1l gazdas\u00e1g<\/a> kiemelked\u0151 szerepet kapott a glob\u00e1lis sz\u00ednt\u00e9ren. A technol\u00f3gia fejl\u0151d\u00e9s\u00e9vel a zenei fesztiv\u00e1lalkalmaz\u00e1sok n\u00e9lk\u00fcl\u00f6zhetetlen eszk\u00f6z\u00f6kk\u00e9 v\u00e1ltak mind a szervez\u0151k, mind a r\u00e9sztvev\u0151k sz\u00e1m\u00e1ra. Ezek az alkalmaz\u00e1sok nemcsak a felhaszn\u00e1l\u00f3i \u00e9lm\u00e9nyt jav\u00edtj\u00e1k, hanem a zenei esem\u00e9nyalkalmaz\u00e1sok bev\u00e9telszerz\u00e9s\u00e9t is n\u00f6velik. Ezenk\u00edv\u00fcl a digit\u00e1lis integr\u00e1ci\u00f3 olyan innov\u00e1ci\u00f3kat hozott, amelyek lehet\u0151v\u00e9 teszik a szervez\u0151k sz\u00e1m\u00e1ra, hogy jobban megtervezz\u00e9k rendezv\u00e9nyeiket \u00e9s nagyobb k\u00f6z\u00f6ns\u00e9get vonzzanak.<\/p>\n\n\n\n<p>M\u00e1sr\u00e9szr\u0151l a zenei fesztiv\u00e1lok mobilalkalmaz\u00e1s-piaca gyorsan n\u00f6vekszik, t\u00fckr\u00f6zve az olyan technol\u00f3giai megold\u00e1sok ir\u00e1nti ig\u00e9nyt, amelyek optimaliz\u00e1lj\u00e1k a felhaszn\u00e1l\u00f3i \u00e9lm\u00e9nyt az esem\u00e9nyalkalmaz\u00e1sokban. A zenei esem\u00e9nyek digit\u00e1lis gazdas\u00e1ga k\u00f6zvetlen\u00fcl \u00f6sszef\u00fcgg az olyan szolg\u00e1ltat\u00e1sok ny\u00fajt\u00e1s\u00e1nak k\u00e9pess\u00e9g\u00e9vel, mint az online jegy\u00e9rt\u00e9kes\u00edt\u00e9s fesztiv\u00e1lokra \u00e9s az \u00e9l\u0151 zenei streaming. Mint ilyen, a mobiltechnol\u00f3gia a zenei fesztiv\u00e1lok siker\u00e9nek kulcsfontoss\u00e1g\u00fa elem\u00e9v\u00e9 v\u00e1lt.<\/p>\n\n\n\n<h2 class=\"wp-block-heading\"><strong>Hogyan forradalmas\u00edtj\u00e1k az alkalmaz\u00e1sok a zenei fesztiv\u00e1lokat<\/strong><\/h2>\n\n\n\n<p>A zenei fesztiv\u00e1l alkalmaz\u00e1sok \u00e1talak\u00edtj\u00e1k az esem\u00e9nyek szervez\u00e9s\u00e9nek \u00e9s \u00e9lm\u00e9ny\u00e9nek m\u00f3dj\u00e1t. Olyan funkci\u00f3kat k\u00edn\u00e1lnak, mint az interakt\u00edv t\u00e9rk\u00e9pek, a r\u00e9szletes menetrendek \u00e9s ak\u00e1r a kiterjesztett val\u00f3s\u00e1g funkci\u00f3i is. Ezenk\u00edv\u00fcl ezek az alkalmaz\u00e1sok lehet\u0151v\u00e9 teszik a szervez\u0151k sz\u00e1m\u00e1ra, hogy digit\u00e1lis marketingstrat\u00e9gi\u00e1kat val\u00f3s\u00edtsanak meg a zenei fesztiv\u00e1lokon, n\u00f6velve a k\u00f6z\u00f6ns\u00e9g elk\u00f6telez\u0151d\u00e9s\u00e9t az esem\u00e9ny el\u0151tt, alatt \u00e9s ut\u00e1n.<\/p>\n\n\n\n<h3 class=\"wp-block-heading\"><strong>FestApp: A legjobb alkalmaz\u00e1s fesztiv\u00e1lszervez\u00e9shez<\/strong><\/h3>\n\n\n\n<p>A FestApp az egyik legjobb zenei fesztiv\u00e1l alkalmaz\u00e1s a piacon. Intuit\u00edv fel\u00fcletet k\u00edn\u00e1l, amely lehet\u0151v\u00e9 teszi a felhaszn\u00e1l\u00f3k sz\u00e1m\u00e1ra, hogy hozz\u00e1f\u00e9rjenek a fesztiv\u00e1lon bel\u00fcli m\u0171v\u00e9szekkel, el\u0151ad\u00e1sok id\u0151pontjaival \u00e9s \u00e9tkez\u00e9si lehet\u0151s\u00e9gekkel kapcsolatos inform\u00e1ci\u00f3khoz. Ezenk\u00edv\u00fcl az alkalmaz\u00e1s ingyenesen let\u00f6lthet\u0151 a Play \u00c1ruh\u00e1zb\u00f3l, \u00edgy sz\u00e1mos ember sz\u00e1m\u00e1ra el\u00e9rhet\u0151.<\/p>\n\n\n\n<p>Az alapfunkci\u00f3k mellett a FestApp olyan fejlett funkci\u00f3kat is tartalmaz, mint a szem\u00e9lyre szabott \u00e9rtes\u00edt\u00e9sek \u00e9s a k\u00f6z\u00f6ss\u00e9gi h\u00e1l\u00f3zatokkal val\u00f3 integr\u00e1ci\u00f3. Ez lehet\u0151v\u00e9 teszi a r\u00e9sztvev\u0151k sz\u00e1m\u00e1ra, hogy val\u00f3s id\u0151ben ossz\u00e1k meg tapasztalataikat. Az alkalmaz\u00e1s let\u00f6lt\u00e9s\u00e9hez egyszer\u0171en nyissa meg a Play \u00c1ruh\u00e1zat, \u00e9s t\u00f6ltse le, biztos\u00edtva a teljes \u00e9s mag\u00e1val ragad\u00f3 \u00e9lm\u00e9nyt.<\/p>\n\n\n\n<h3 class=\"wp-block-heading\"><strong>TicketFlow: K\u00f6nnyebb\u00e9 tessz\u00fck az online jegy\u00e9rt\u00e9kes\u00edt\u00e9st<\/strong><\/h3>\n\n\n\n<p>A TicketFlow egy olyan alkalmaz\u00e1s, amely a fesztiv\u00e1ljegyek online \u00e9rt\u00e9kes\u00edt\u00e9s\u00e9re \u00f6sszpontos\u00edt. Seg\u00edts\u00e9g\u00e9vel a szervez\u0151k hat\u00e9konyan kezelhetik az \u00e9rt\u00e9kes\u00edt\u00e9st, mik\u00f6zben a felhaszn\u00e1l\u00f3k gyorsan \u00e9s biztons\u00e1gosan f\u00e9rhetnek hozz\u00e1 a jegyekhez. Ezenk\u00edv\u00fcl az alkalmaz\u00e1s exkluz\u00edv prom\u00f3ci\u00f3kat k\u00edn\u00e1l azoknak, akik a Play \u00c1ruh\u00e1zon kereszt\u00fcl t\u00f6ltik le.<\/p>\n\n\n\n<p>A TicketFlow egy m\u00e1sik egyedi tulajdons\u00e1ga a m\u00e1s digit\u00e1lis platformokkal val\u00f3 integr\u00e1ci\u00f3, amely lehet\u0151v\u00e9 teszi a felhaszn\u00e1l\u00f3k sz\u00e1m\u00e1ra, hogy k\u00f6zvetlen\u00fcl az alkalmaz\u00e1son kereszt\u00fcl v\u00e1s\u00e1roljanak jegyeket. Ez a funkci\u00f3 k\u00fcl\u00f6n\u00f6sen hasznos azok sz\u00e1m\u00e1ra, akik a k\u00e9nyelmet \u00e9s a biztons\u00e1got keresik rendezv\u00e9nyjegyek v\u00e1s\u00e1rl\u00e1sakor. A TicketFlow ingyenes let\u00f6lt\u00e9se kiv\u00e1l\u00f3 lehet\u0151s\u00e9g azok sz\u00e1m\u00e1ra, akik a digit\u00e1lis gazdas\u00e1g el\u0151nyeit szeretn\u00e9k kihaszn\u00e1lni zenei esem\u00e9nyeken.<\/p>\n\n\n\n<h3 class=\"wp-block-heading\"><strong>\u00c9l\u0151 zenei k\u00f6zvet\u00edt\u00e9s: \u00c9l\u0151 zenei k\u00f6zvet\u00edt\u00e9s<\/strong><\/h3>\n\n\n\n<p>A LiveStream Music egy olyan alkalmaz\u00e1s, amely \u00e9l\u0151zenei k\u00f6zvet\u00edt\u00e9st k\u00edn\u00e1l k\u00f6zvetlen\u00fcl a fesztiv\u00e1lokr\u00f3l. Lehet\u0151v\u00e9 teszi a felhaszn\u00e1l\u00f3k sz\u00e1m\u00e1ra, hogy val\u00f3s id\u0151ben k\u00f6vess\u00e9k az el\u0151ad\u00e1sokat, m\u00e9g akkor is, ha fizikailag nincsenek jelen. Ezenk\u00edv\u00fcl az alkalmaz\u00e1s let\u00f6lthet\u0151 a Play \u00c1ruh\u00e1zb\u00f3l, \u00edgy praktikus megold\u00e1st k\u00edn\u00e1l azok sz\u00e1m\u00e1ra, akik korl\u00e1toz\u00e1sok n\u00e9lk\u00fcl szeretn\u00e9k \u00e9lvezni a zen\u00e9t.<\/p>\n\n\n\n<p>A LiveStream Music seg\u00edts\u00e9g\u00e9vel a szervez\u0151k b\u0151v\u00edthetik k\u00f6z\u00f6ns\u00e9g\u00fcket az\u00e1ltal, hogy el\u00e9rik a vil\u00e1g k\u00fcl\u00f6nb\u00f6z\u0151 r\u00e9szeir\u0151l \u00e9rkez\u0151 embereket. Ezenk\u00edv\u00fcl az alkalmaz\u00e1s olyan funkci\u00f3kat k\u00edn\u00e1l, mint az \u00e9l\u0151 chat \u00e9s az interakci\u00f3 m\u00e1s felhaszn\u00e1l\u00f3kkal, virtu\u00e1lis k\u00f6z\u00f6ss\u00e9get l\u00e9trehozva a fesztiv\u00e1lok k\u00f6r\u00fcl. Az ingyenes alkalmaz\u00e1s let\u00f6lt\u00e9se nagyszer\u0171 m\u00f3dja annak, hogy felfedezz\u00fck a mobiltechnol\u00f3gi\u00e1t a zenei fesztiv\u00e1lokon.<\/p>\n\n\n\n<h2 class=\"wp-block-heading\"><strong>Zenei Fesztiv\u00e1l Alkalmaz\u00e1s Funkci\u00f3i<\/strong><\/h2>\n\n\n\n<p>Az eml\u00edtett alkalmaz\u00e1sok f\u0151bb funkci\u00f3i k\u00f6z\u00e9 tartoznak az interakt\u00edv t\u00e9rk\u00e9pek, az online jegy\u00e9rt\u00e9kes\u00edt\u00e9s, az \u00e9l\u0151 zenei streaming \u00e9s a szem\u00e9lyre szabott \u00e9rtes\u00edt\u00e9sek. Ezek a funkci\u00f3k nemcsak a felhaszn\u00e1l\u00f3i \u00e9lm\u00e9nyt jav\u00edtj\u00e1k, hanem hozz\u00e1j\u00e1rulnak a zenei esem\u00e9nyek digit\u00e1lis gazdas\u00e1g\u00e1hoz is. Ezenk\u00edv\u00fcl a zenei esem\u00e9nyalkalmaz\u00e1sok monetiz\u00e1l\u00e1sa \u00e9letk\u00e9pesebb\u00e9 v\u00e1lik a hirdet\u00e9sek integr\u00e1ci\u00f3j\u00e1nak \u00e9s a m\u00e1rk\u00e1kkal val\u00f3 partners\u00e9geknek k\u00f6sz\u00f6nhet\u0151en.<\/p>\n\n\n\n<figure class=\"wp-block-gallery has-nested-images columns-default is-cropped wp-block-gallery-1 is-layout-flex wp-block-gallery-is-layout-flex\">\n<figure class=\"wp-block-image size-large\"><img loading=\"lazy\" decoding=\"async\" width=\"1024\" height=\"576\" data-id=\"48129\" src=\"https:\/\/vejamob.com\/wp-content\/uploads\/2025\/03\/maxresdefault-1024x576.jpg\" alt=\"\" class=\"wp-image-48129\" srcset=\"https:\/\/vejamob.com\/wp-content\/uploads\/2025\/03\/maxresdefault-1024x576.jpg 1024w, https:\/\/vejamob.com\/wp-content\/uploads\/2025\/03\/maxresdefault-300x169.jpg 300w, https:\/\/vejamob.com\/wp-content\/uploads\/2025\/03\/maxresdefault-768x432.jpg 768w, https:\/\/vejamob.com\/wp-content\/uploads\/2025\/03\/maxresdefault-18x10.jpg 18w, https:\/\/vejamob.com\/wp-content\/uploads\/2025\/03\/maxresdefault.jpg 1280w\" sizes=\"auto, (max-width: 1024px) 100vw, 1024px\" \/><\/figure>\n<\/figure>\n\n\n\n<h2 class=\"wp-block-heading\"><strong>K\u00f6vetkeztet\u00e9s<\/strong><\/h2>\n\n\n\n<p>R\u00f6viden, a zenei fesztiv\u00e1lok gazdas\u00e1ga szorosan kapcsol\u00f3dik a zenei fesztiv\u00e1lalkalmaz\u00e1sok haszn\u00e1lat\u00e1hoz. Ezek az alkalmaz\u00e1sok innovat\u00edv megold\u00e1sokat k\u00edn\u00e1lnak, amelyek mind a szervez\u0151k, mind a r\u00e9sztvev\u0151k sz\u00e1m\u00e1ra el\u0151ny\u00f6sek, a jegy\u00e9rt\u00e9kes\u00edt\u00e9st\u0151l az \u00e9l\u0151 zenei streamingig. T\u00f6ltsd le ingyenesen a fent eml\u00edtett alkalmaz\u00e1sokat, \u00e9s fedezd fel a mobiltechnol\u00f3gia \u00e1ltal a zenei fesztiv\u00e1lok sz\u00e1m\u00e1ra k\u00edn\u00e1lt \u00f6sszes lehet\u0151s\u00e9get.<\/p>","protected":false},"excerpt":{"rendered":"<p>Az ut\u00f3bbi \u00e9vekben a zenei fesztiv\u00e1lok gazdas\u00e1ga kiemelt szerepet kapott a glob\u00e1lis sz\u00ednt\u00e9ren. A technol\u00f3gia fejl\u0151d\u00e9s\u00e9vel a zenei fesztiv\u00e1lalkalmaz\u00e1sok n\u00e9lk\u00fcl\u00f6zhetetlen eszk\u00f6z\u00f6kk\u00e9 v\u00e1ltak mind a szervez\u0151k, mind a r\u00e9sztvev\u0151k sz\u00e1m\u00e1ra. Ezek az alkalmaz\u00e1sok nemcsak a felhaszn\u00e1l\u00f3i \u00e9lm\u00e9nyt k\u00f6nny\u00edtik meg, hanem a zenei esem\u00e9nyalkalmaz\u00e1sok bev\u00e9telszerz\u00e9s\u00e9t is n\u00f6velik. Tov\u00e1bb\u00e1\u2026 <a title=\"A zenei fesztiv\u00e1lok gazdas\u00e1gtana: Hogyan alak\u00edtj\u00e1k \u00e1t az alkalmaz\u00e1sok az ipar\u00e1gat\" class=\"read-more\" href=\"https:\/\/vejamob.com\/hu\/gazdasagos-zenei-fesztivalok\/\" aria-label=\"Tudj meg t\u00f6bbet a zenei fesztiv\u00e1lok gazdas\u00e1gtan\u00e1r\u00f3l: Hogyan alak\u00edtj\u00e1k \u00e1t az alkalmaz\u00e1sok az ipar\u00e1gat? c\u00edm\u0171 cikkr\u0151l\">Olvass tov\u00e1bb<\/a><\/p>","protected":false},"author":1,"featured_media":48129,"comment_status":"closed","ping_status":"closed","sticky":false,"template":"","format":"standard","meta":{"footnotes":""},"categories":[6],"tags":[],"class_list":["post-48128","post","type-post","status-publish","format-standard","has-post-thumbnail","hentry","category-musica"],"yoast_head":"<!-- This site is optimized with the Yoast SEO plugin v25.6 - https:\/\/yoast.com\/wordpress\/plugins\/seo\/ -->\n<title>A Economia dos Festivais de M\u00fasica: Como Aplicativos Transformam o Setor - Vejamob<\/title>\n<meta name=\"description\" content=\"Descubra como aplicativos para festivais de m\u00fasica est\u00e3o transformando a economia digital nos eventos musicais.\" \/>\n<meta name=\"robots\" content=\"index, follow, max-snippet:-1, max-image-preview:large, max-video-preview:-1\" \/>\n<link rel=\"canonical\" href=\"https:\/\/vejamob.com\/hu\/gazdasagos-zenei-fesztivalok\/\" \/>\n<meta property=\"og:locale\" content=\"hu_HU\" \/>\n<meta property=\"og:type\" content=\"article\" \/>\n<meta property=\"og:title\" content=\"A Economia dos Festivais de M\u00fasica: Como Aplicativos Transformam o Setor - Vejamob\" \/>\n<meta property=\"og:description\" content=\"Descubra como aplicativos para festivais de m\u00fasica est\u00e3o transformando a economia digital nos eventos musicais.\" \/>\n<meta property=\"og:url\" content=\"https:\/\/vejamob.com\/hu\/gazdasagos-zenei-fesztivalok\/\" \/>\n<meta property=\"og:site_name\" content=\"Vejamob\" \/>\n<meta property=\"article:published_time\" content=\"2025-03-25T11:48:46+00:00\" \/>\n<meta property=\"article:modified_time\" content=\"2025-03-25T11:48:47+00:00\" \/>\n<meta property=\"og:image\" content=\"https:\/\/vejamob.com\/wp-content\/uploads\/2025\/03\/maxresdefault.jpg\" \/>\n\t<meta property=\"og:image:width\" content=\"1280\" \/>\n\t<meta property=\"og:image:height\" content=\"720\" \/>\n\t<meta property=\"og:image:type\" content=\"image\/jpeg\" \/>\n<meta name=\"author\" content=\"Ricardo Sanches\" \/>\n<meta name=\"twitter:card\" content=\"summary_large_image\" \/>\n<meta name=\"twitter:label1\" content=\"Szerz\u0151:\" \/>\n\t<meta name=\"twitter:data1\" content=\"Ricardo Sanches\" \/>\n\t<meta name=\"twitter:label2\" content=\"Becs\u00fclt olvas\u00e1si id\u0151\" \/>\n\t<meta name=\"twitter:data2\" content=\"5 perc\" \/>\n<script type=\"application\/ld+json\" class=\"yoast-schema-graph\">{\"@context\":\"https:\/\/schema.org\",\"@graph\":[{\"@type\":\"Article\",\"@id\":\"https:\/\/vejamob.com\/economia-festivais-musica\/#article\",\"isPartOf\":{\"@id\":\"https:\/\/vejamob.com\/economia-festivais-musica\/\"},\"author\":{\"name\":\"Ricardo Sanches\",\"@id\":\"https:\/\/vejamob.com\/#\/schema\/person\/bb541903872d085fa90ac00beaa188b9\"},\"headline\":\"A Economia dos Festivais de M\u00fasica: Como Aplicativos Transformam o Setor\",\"datePublished\":\"2025-03-25T11:48:46+00:00\",\"dateModified\":\"2025-03-25T11:48:47+00:00\",\"mainEntityOfPage\":{\"@id\":\"https:\/\/vejamob.com\/economia-festivais-musica\/\"},\"wordCount\":802,\"publisher\":{\"@id\":\"https:\/\/vejamob.com\/#organization\"},\"image\":{\"@id\":\"https:\/\/vejamob.com\/economia-festivais-musica\/#primaryimage\"},\"thumbnailUrl\":\"https:\/\/vejamob.com\/wp-content\/uploads\/2025\/03\/maxresdefault.jpg\",\"articleSection\":[\"M\u00fasica\"],\"inLanguage\":\"hu\"},{\"@type\":\"WebPage\",\"@id\":\"https:\/\/vejamob.com\/economia-festivais-musica\/\",\"url\":\"https:\/\/vejamob.com\/economia-festivais-musica\/\",\"name\":\"A Economia dos Festivais de M\u00fasica: Como Aplicativos Transformam o Setor - Vejamob\",\"isPartOf\":{\"@id\":\"https:\/\/vejamob.com\/#website\"},\"primaryImageOfPage\":{\"@id\":\"https:\/\/vejamob.com\/economia-festivais-musica\/#primaryimage\"},\"image\":{\"@id\":\"https:\/\/vejamob.com\/economia-festivais-musica\/#primaryimage\"},\"thumbnailUrl\":\"https:\/\/vejamob.com\/wp-content\/uploads\/2025\/03\/maxresdefault.jpg\",\"datePublished\":\"2025-03-25T11:48:46+00:00\",\"dateModified\":\"2025-03-25T11:48:47+00:00\",\"description\":\"Descubra como aplicativos para festivais de m\u00fasica est\u00e3o transformando a economia digital nos eventos musicais.\",\"breadcrumb\":{\"@id\":\"https:\/\/vejamob.com\/economia-festivais-musica\/#breadcrumb\"},\"inLanguage\":\"hu\",\"potentialAction\":[{\"@type\":\"ReadAction\",\"target\":[\"https:\/\/vejamob.com\/economia-festivais-musica\/\"]}]},{\"@type\":\"ImageObject\",\"inLanguage\":\"hu\",\"@id\":\"https:\/\/vejamob.com\/economia-festivais-musica\/#primaryimage\",\"url\":\"https:\/\/vejamob.com\/wp-content\/uploads\/2025\/03\/maxresdefault.jpg\",\"contentUrl\":\"https:\/\/vejamob.com\/wp-content\/uploads\/2025\/03\/maxresdefault.jpg\",\"width\":1280,\"height\":720},{\"@type\":\"BreadcrumbList\",\"@id\":\"https:\/\/vejamob.com\/economia-festivais-musica\/#breadcrumb\",\"itemListElement\":[{\"@type\":\"ListItem\",\"position\":1,\"name\":\"In\u00edcio\",\"item\":\"https:\/\/vejamob.com\/\"},{\"@type\":\"ListItem\",\"position\":2,\"name\":\"A Economia dos Festivais de M\u00fasica: Como Aplicativos Transformam o Setor\"}]},{\"@type\":\"WebSite\",\"@id\":\"https:\/\/vejamob.com\/#website\",\"url\":\"https:\/\/vejamob.com\/\",\"name\":\"Noticia Tecnologia\",\"description\":\"Tudo sobre aplicativos!\",\"publisher\":{\"@id\":\"https:\/\/vejamob.com\/#organization\"},\"potentialAction\":[{\"@type\":\"SearchAction\",\"target\":{\"@type\":\"EntryPoint\",\"urlTemplate\":\"https:\/\/vejamob.com\/?s={search_term_string}\"},\"query-input\":{\"@type\":\"PropertyValueSpecification\",\"valueRequired\":true,\"valueName\":\"search_term_string\"}}],\"inLanguage\":\"hu\"},{\"@type\":\"Organization\",\"@id\":\"https:\/\/vejamob.com\/#organization\",\"name\":\"Spotads\",\"url\":\"https:\/\/vejamob.com\/\",\"logo\":{\"@type\":\"ImageObject\",\"inLanguage\":\"hu\",\"@id\":\"https:\/\/vejamob.com\/#\/schema\/logo\/image\/\",\"url\":\"https:\/\/vejamob.com\/wp-content\/uploads\/2024\/06\/NOTICIA-LOGO-1.png\",\"contentUrl\":\"https:\/\/vejamob.com\/wp-content\/uploads\/2024\/06\/NOTICIA-LOGO-1.png\",\"width\":250,\"height\":60,\"caption\":\"Spotads\"},\"image\":{\"@id\":\"https:\/\/vejamob.com\/#\/schema\/logo\/image\/\"}},{\"@type\":\"Person\",\"@id\":\"https:\/\/vejamob.com\/#\/schema\/person\/bb541903872d085fa90ac00beaa188b9\",\"name\":\"Ricardo Sanches\",\"description\":\"Sou especialista em Tecnologia da Informa\u00e7\u00e3o e atualmente colaboro como redator no blog Not\u00edcia Tecnologia. Minha miss\u00e3o \u00e9 criar conte\u00fados informativos e envolventes para voc\u00ea, trazendo novidades e tend\u00eancias do mundo tecnol\u00f3gico diariamente.\",\"sameAs\":[\"https:\/\/vejamob.com\"],\"url\":\"https:\/\/vejamob.com\/hu\/author\/raiphy\/\"}]}<\/script>\n<!-- \/ Yoast SEO plugin. -->","yoast_head_json":{"title":"A zenei fesztiv\u00e1lok k\u00f6zgazdas\u00e1gtana: Hogyan alak\u00edtj\u00e1k \u00e1t az alkalmaz\u00e1sok az ipar\u00e1gat - Vejamob","description":"Fedezd fel, hogyan alak\u00edtj\u00e1k \u00e1t a zenei fesztiv\u00e1lalkalmaz\u00e1sok a digit\u00e1lis gazdas\u00e1got a zenei esem\u00e9nyeken.","robots":{"index":"index","follow":"follow","max-snippet":"max-snippet:-1","max-image-preview":"max-image-preview:large","max-video-preview":"max-video-preview:-1"},"canonical":"https:\/\/vejamob.com\/hu\/gazdasagos-zenei-fesztivalok\/","og_locale":"hu_HU","og_type":"article","og_title":"A Economia dos Festivais de M\u00fasica: Como Aplicativos Transformam o Setor - Vejamob","og_description":"Descubra como aplicativos para festivais de m\u00fasica est\u00e3o transformando a economia digital nos eventos musicais.","og_url":"https:\/\/vejamob.com\/hu\/gazdasagos-zenei-fesztivalok\/","og_site_name":"Vejamob","article_published_time":"2025-03-25T11:48:46+00:00","article_modified_time":"2025-03-25T11:48:47+00:00","og_image":[{"width":1280,"height":720,"url":"https:\/\/vejamob.com\/wp-content\/uploads\/2025\/03\/maxresdefault.jpg","type":"image\/jpeg"}],"author":"Ricardo Sanches","twitter_card":"summary_large_image","twitter_misc":{"Szerz\u0151:":"Ricardo Sanches","Becs\u00fclt olvas\u00e1si id\u0151":"5 perc"},"schema":{"@context":"https:\/\/schema.org","@graph":[{"@type":"Article","@id":"https:\/\/vejamob.com\/economia-festivais-musica\/#article","isPartOf":{"@id":"https:\/\/vejamob.com\/economia-festivais-musica\/"},"author":{"name":"Ricardo Sanches","@id":"https:\/\/vejamob.com\/#\/schema\/person\/bb541903872d085fa90ac00beaa188b9"},"headline":"A Economia dos Festivais de M\u00fasica: Como Aplicativos Transformam o Setor","datePublished":"2025-03-25T11:48:46+00:00","dateModified":"2025-03-25T11:48:47+00:00","mainEntityOfPage":{"@id":"https:\/\/vejamob.com\/economia-festivais-musica\/"},"wordCount":802,"publisher":{"@id":"https:\/\/vejamob.com\/#organization"},"image":{"@id":"https:\/\/vejamob.com\/economia-festivais-musica\/#primaryimage"},"thumbnailUrl":"https:\/\/vejamob.com\/wp-content\/uploads\/2025\/03\/maxresdefault.jpg","articleSection":["M\u00fasica"],"inLanguage":"hu"},{"@type":"WebPage","@id":"https:\/\/vejamob.com\/economia-festivais-musica\/","url":"https:\/\/vejamob.com\/economia-festivais-musica\/","name":"A zenei fesztiv\u00e1lok k\u00f6zgazdas\u00e1gtana: Hogyan alak\u00edtj\u00e1k \u00e1t az alkalmaz\u00e1sok az ipar\u00e1gat - Vejamob","isPartOf":{"@id":"https:\/\/vejamob.com\/#website"},"primaryImageOfPage":{"@id":"https:\/\/vejamob.com\/economia-festivais-musica\/#primaryimage"},"image":{"@id":"https:\/\/vejamob.com\/economia-festivais-musica\/#primaryimage"},"thumbnailUrl":"https:\/\/vejamob.com\/wp-content\/uploads\/2025\/03\/maxresdefault.jpg","datePublished":"2025-03-25T11:48:46+00:00","dateModified":"2025-03-25T11:48:47+00:00","description":"Fedezd fel, hogyan alak\u00edtj\u00e1k \u00e1t a zenei fesztiv\u00e1lalkalmaz\u00e1sok a digit\u00e1lis gazdas\u00e1got a zenei esem\u00e9nyeken.","breadcrumb":{"@id":"https:\/\/vejamob.com\/economia-festivais-musica\/#breadcrumb"},"inLanguage":"hu","potentialAction":[{"@type":"ReadAction","target":["https:\/\/vejamob.com\/economia-festivais-musica\/"]}]},{"@type":"ImageObject","inLanguage":"hu","@id":"https:\/\/vejamob.com\/economia-festivais-musica\/#primaryimage","url":"https:\/\/vejamob.com\/wp-content\/uploads\/2025\/03\/maxresdefault.jpg","contentUrl":"https:\/\/vejamob.com\/wp-content\/uploads\/2025\/03\/maxresdefault.jpg","width":1280,"height":720},{"@type":"BreadcrumbList","@id":"https:\/\/vejamob.com\/economia-festivais-musica\/#breadcrumb","itemListElement":[{"@type":"ListItem","position":1,"name":"In\u00edcio","item":"https:\/\/vejamob.com\/"},{"@type":"ListItem","position":2,"name":"A Economia dos Festivais de M\u00fasica: Como Aplicativos Transformam o Setor"}]},{"@type":"WebSite","@id":"https:\/\/vejamob.com\/#website","url":"https:\/\/vejamob.com\/","name":"Technol\u00f3giai h\u00edrek","description":"Mindent az alkalmaz\u00e1sokr\u00f3l!","publisher":{"@id":"https:\/\/vejamob.com\/#organization"},"potentialAction":[{"@type":"SearchAction","target":{"@type":"EntryPoint","urlTemplate":"https:\/\/vejamob.com\/?s={search_term_string}"},"query-input":{"@type":"PropertyValueSpecification","valueRequired":true,"valueName":"search_term_string"}}],"inLanguage":"hu"},{"@type":"Organization","@id":"https:\/\/vejamob.com\/#organization","name":"Spotads","url":"https:\/\/vejamob.com\/","logo":{"@type":"ImageObject","inLanguage":"hu","@id":"https:\/\/vejamob.com\/#\/schema\/logo\/image\/","url":"https:\/\/vejamob.com\/wp-content\/uploads\/2024\/06\/NOTICIA-LOGO-1.png","contentUrl":"https:\/\/vejamob.com\/wp-content\/uploads\/2024\/06\/NOTICIA-LOGO-1.png","width":250,"height":60,"caption":"Spotads"},"image":{"@id":"https:\/\/vejamob.com\/#\/schema\/logo\/image\/"}},{"@type":"Person","@id":"https:\/\/vejamob.com\/#\/schema\/person\/bb541903872d085fa90ac00beaa188b9","name":"Ricardo Sanches","description":"Informatikai szak\u00e9rt\u0151 vagyok, jelenleg a Not\u00edcia Tecnologia blog \u00edr\u00f3jak\u00e9nt dolgozom. Az a k\u00fcldet\u00e9sem, hogy informat\u00edv \u00e9s lebilincsel\u0151 tartalmat k\u00e9sz\u00edtsek sz\u00e1modra, napi rendszeress\u00e9ggel hozva sz\u00e1modra h\u00edreket \u00e9s trendeket a technol\u00f3giai vil\u00e1gb\u00f3l.","sameAs":["https:\/\/vejamob.com"],"url":"https:\/\/vejamob.com\/hu\/author\/raiphy\/"}]}},"_links":{"self":[{"href":"https:\/\/vejamob.com\/hu\/wp-json\/wp\/v2\/posts\/48128","targetHints":{"allow":["GET"]}}],"collection":[{"href":"https:\/\/vejamob.com\/hu\/wp-json\/wp\/v2\/posts"}],"about":[{"href":"https:\/\/vejamob.com\/hu\/wp-json\/wp\/v2\/types\/post"}],"author":[{"embeddable":true,"href":"https:\/\/vejamob.com\/hu\/wp-json\/wp\/v2\/users\/1"}],"replies":[{"embeddable":true,"href":"https:\/\/vejamob.com\/hu\/wp-json\/wp\/v2\/comments?post=48128"}],"version-history":[{"count":0,"href":"https:\/\/vejamob.com\/hu\/wp-json\/wp\/v2\/posts\/48128\/revisions"}],"wp:featuredmedia":[{"embeddable":true,"href":"https:\/\/vejamob.com\/hu\/wp-json\/wp\/v2\/media\/48129"}],"wp:attachment":[{"href":"https:\/\/vejamob.com\/hu\/wp-json\/wp\/v2\/media?parent=48128"}],"wp:term":[{"taxonomy":"category","embeddable":true,"href":"https:\/\/vejamob.com\/hu\/wp-json\/wp\/v2\/categories?post=48128"},{"taxonomy":"post_tag","embeddable":true,"href":"https:\/\/vejamob.com\/hu\/wp-json\/wp\/v2\/tags?post=48128"}],"curies":[{"name":"munkaf\u00fczet","href":"https:\/\/api.w.org\/{rel}","templated":true}]}}