{"id":48172,"date":"2025-03-25T13:17:58","date_gmt":"2025-03-25T13:17:58","guid":{"rendered":"https:\/\/vejamob.com\/?p=48172"},"modified":"2025-06-17T16:39:53","modified_gmt":"2025-06-17T16:39:53","slug":"hogyan-hasznaljuk-az-alkalmazasokat-a-mentalis-egeszseg-megorzesehez","status":"publish","type":"post","link":"https:\/\/vejamob.com\/hu\/hogyan-hasznaljuk-az-alkalmazasokat-a-mentalis-egeszseg-megorzesehez\/","title":{"rendered":"Hogyan haszn\u00e1lj alkalmaz\u00e1sokat ment\u00e1lis eg\u00e9szs\u00e9ged cs\u00facsform\u00e1ban tart\u00e1sa \u00e9rdek\u00e9ben"},"content":{"rendered":"<p>Manaps\u00e1g a ment\u00e1lis eg\u00e9szs\u00e9g meg\u0151rz\u00e9se ugyanolyan fontoss\u00e1 v\u00e1lt, mint a fizikai eg\u00e9szs\u00e9g meg\u0151rz\u00e9se. Boldogan, <strong>Alkalmaz\u00e1sok haszn\u00e1lata a ment\u00e1lis eg\u00e9szs\u00e9g meg\u0151rz\u00e9s\u00e9hez <\/strong>A PlayStore-ban el\u00e9rhet\u0151 tartalmak nagyszer\u0171 sz\u00f6vets\u00e9gesek lehetnek ezen az \u00faton. Ezek az alkalmaz\u00e1sok olyan funkci\u00f3kat k\u00edn\u00e1lnak, mint az ir\u00e1ny\u00edtott medit\u00e1ci\u00f3, a l\u00e9gz\u0151gyakorlatok, a hangulatk\u00f6vet\u00e9s \u00e9s ak\u00e1r az online ter\u00e1pia is, mindezt k\u00f6zvetlen\u00fcl a telefonodr\u00f3l. R\u00e1ad\u00e1sul ezek k\u00f6z\u00fcl az alkalmaz\u00e1sok k\u00f6z\u00fcl sok ingyenesen let\u00f6lthet\u0151, \u00edgy p\u00e9nzk\u00f6lt\u00e9s n\u00e9lk\u00fcl felfedezheted a funkci\u00f3ikat.<\/p>\n\n\n\n<p>Ha gyakorlatias m\u00f3dszereket keresel <strong>Haszn\u00e1ljon alkalmaz\u00e1sokat a ment\u00e1lis eg\u00e9szs\u00e9g jav\u00edt\u00e1s\u00e1ra <\/strong>, ez a cikk neked k\u00e9sz\u00fclt. Fedezz\u00fck fel a <strong>legjobb medit\u00e1ci\u00f3s alkalmaz\u00e1sok a stressz cs\u00f6kkent\u00e9s\u00e9re <\/strong>\u00e9s egy\u00e9b fejlett funkci\u00f3k, mint p\u00e9ld\u00e1ul az \u00e9rzelemk\u00f6vet\u00e9s \u00e9s az \u00f6ngondoskod\u00e1si rutinok. Olvass tov\u00e1bb, hogy megtudd, hogyan t\u00f6ltheted le ezeket a fantasztikus eszk\u00f6z\u00f6ket, \u00e9s hogyan kezdhetsz el m\u00e9g ma gondoskodni az elm\u00e9dr\u0151l.<\/p>\n\n\n\n<h2 class=\"wp-block-heading\">Mi\u00e9rt \u00e9rdemes ment\u00e1lis eg\u00e9szs\u00e9g\u00fcgyi alkalmaz\u00e1sokat haszn\u00e1lni?<\/h2>\n\n\n\n<p>Miel\u0151tt belemer\u00fcln\u00e9nk a gyakorlati p\u00e9ld\u00e1kba, fontos meg\u00e9rteni, mi\u00e9rt <strong>eszk\u00f6z\u00f6k a tudatoss\u00e1g gyakorl\u00e1s\u00e1hoz a mobiltelefonodon <\/strong>annyira hasznosak. Ezek az alkalmaz\u00e1sok seg\u00edtenek cs\u00f6kkenteni a stresszt \u00e9s a szorong\u00e1st olyan funkci\u00f3kkal, mint a l\u00e9gz\u0151gyakorlatok, a mindfulness \u00fatmutat\u00f3k \u00e9s a szem\u00e9lyre szabott medit\u00e1ci\u00f3s felv\u00e9telek. Vel\u00fck a mobiltelefonodat igaziv\u00e1 alak\u00edthatod <strong>wellness eszk\u00f6z <\/strong>, biztos\u00edtva, hogy ment\u00e1lis eg\u00e9szs\u00e9ged mindig a legjobb legyen.<\/p>\n\n\n\n<p>Ezenk\u00edv\u00fcl haszn\u00e1lat k\u00f6zben <strong>alkalmaz\u00e1sok a hangulat \u00e9s az \u00e9rzelmek nyomon k\u00f6vet\u00e9s\u00e9re <\/strong>, leegyszer\u0171s\u00edted az \u00e9rzelmi monitoroz\u00e1s folyamat\u00e1t. Ahelyett, hogy k\u00e9zzel le\u00edrn\u00e1d az \u00e9rz\u00e9seidet, vagy rendezetlen\u00fcl k\u00fcls\u0151 seg\u00edts\u00e9get k\u00e9rn\u00e9l, egyszer\u0171en nyisd meg az alkalmaz\u00e1st, \u00e9s r\u00f6gz\u00edtsd az \u00e9rzelmeidet. Most, hogy meg\u00e9rtetted ezen eszk\u00f6z\u00f6k fontoss\u00e1g\u00e1t, felfedezhetj\u00fck a legjobb el\u00e9rhet\u0151 let\u00f6lt\u00e9si lehet\u0151s\u00e9geket, \u00e9s elkezdhetj\u00fck praktikus \u00e9s hat\u00e9kony m\u00f3don gondoskodni a ment\u00e1lis eg\u00e9szs\u00e9gedr\u0151l.<\/p>\n\n\n\n<h3 class=\"wp-block-heading\">Nyugalom \u2013 Vezetett medit\u00e1ci\u00f3 \u00e9s relax\u00e1ci\u00f3<\/h3>\n\n\n\n<p>O <strong><a href=\"https:\/\/www.calm.com\/\" target=\"_blank\" rel=\"noreferrer noopener\">Nyugodt <\/a><\/strong>az egyik <strong>legjobb medit\u00e1ci\u00f3s alkalmaz\u00e1sok a stressz cs\u00f6kkent\u00e9s\u00e9re <\/strong>ha a kikapcsol\u00f3d\u00e1sr\u00f3l \u00e9s a ment\u00e1lis j\u00f3l\u00e9tr\u0151l van sz\u00f3. Sz\u00e9les v\u00e1laszt\u00e9kban k\u00edn\u00e1l term\u00e9szeti hangokat, vezetett medit\u00e1ci\u00f3kat \u00e9s lefekv\u00e9s el\u0151tti mes\u00e9ket, valamint speci\u00e1lis programokat a stressz cs\u00f6kkent\u00e9s\u00e9re \u00e9s az alv\u00e1s jav\u00edt\u00e1s\u00e1ra. Ingyenesen el\u00e9rhet\u0151 a Play \u00c1ruh\u00e1zb\u00f3l, \u00e9s pr\u00e9mium opci\u00f3kat is tartalmaz azok sz\u00e1m\u00e1ra, akik t\u00f6bb funkci\u00f3ra v\u00e1gynak.<\/p>\n\n\n\n<p>A Calm egyik nagy el\u0151nye az intuit\u00edv kezel\u0151fel\u00fclete, amely m\u00e9g a kezd\u0151k sz\u00e1m\u00e1ra is k\u00f6nnyen haszn\u00e1lhat\u00f3. Ezenk\u00edv\u00fcl szem\u00e9lyre szabott programokat k\u00edn\u00e1l a k\u00fcl\u00f6nb\u00f6z\u0151 tapasztalati szintek sz\u00e1m\u00e1ra, biztos\u00edtva, hogy minden felhaszn\u00e1l\u00f3 megtal\u00e1lja a sz\u00e1m\u00e1ra sz\u00fcks\u00e9geset. Ha akarod <strong>V\u00e1ltsd a mobiltelefonodat wellness eszk\u00f6zz\u00e9 <\/strong>A Calm kiv\u00e1l\u00f3 v\u00e1laszt\u00e1s kezdetnek.<\/p>\n\n\n\n<h3 class=\"wp-block-heading\">Headspace \u2013 Tudatoss\u00e1g \u00e9s teljes figyelem<\/h3>\n\n\n\n<p>O <strong><a href=\"https:\/\/www.headspace.com\/\" target=\"_blank\" rel=\"noreferrer noopener\">Headspace <\/a><\/strong>egy olyan platform, amely azoknak sz\u00f3l, akik szeretn\u00e9k <strong>gyakorold a tudatoss\u00e1got a mobiltelefonodon <\/strong>praktikus \u00e9s hat\u00e9kony m\u00f3don. Az alkalmaz\u00e1s vezetett medit\u00e1ci\u00f3kat, mindfulness gyakorlatokat \u00e9s speci\u00e1lis programokat k\u00edn\u00e1l a koncentr\u00e1ci\u00f3 jav\u00edt\u00e1s\u00e1ra, a szorong\u00e1s cs\u00f6kkent\u00e9s\u00e9re \u00e9s a stressz kezel\u00e9s\u00e9re. Az ingyenesen el\u00e9rhet\u0151 a PlayStore-ban, a Headspace-t sz\u00e9les k\u00f6rben haszn\u00e1lj\u00e1k azok, akik a praktikumot keresik.<\/p>\n\n\n\n<p>A Headspace egyik egyedi tulajdons\u00e1ga a j\u00e1t\u00e9kos\u00edtott megk\u00f6zel\u00edt\u00e9se, amely sz\u00f3rakoztat\u00f3v\u00e1 \u00e9s lebilincsel\u0151v\u00e9 teszi a tanul\u00e1st. R\u00e1ad\u00e1sul a t\u00e9m\u00e1k sz\u00e9les sk\u00e1l\u00e1j\u00e1t fedi le, a termel\u00e9kenys\u00e9gt\u0151l a kapcsolatokig, \u00edgy a tartalom relev\u00e1ns marad a k\u00fcl\u00f6nb\u00f6z\u0151 helyzetekben. Ha a k\u00f6vetkez\u0151t keresed: <strong>legjobb alkalmaz\u00e1s vezetett medit\u00e1ci\u00f3hoz \u00e9s relax\u00e1ci\u00f3hoz <\/strong>A Headspace minden bizonnyal megfelel az elv\u00e1r\u00e1saidnak.<\/p>\n\n\n\n<h3 class=\"wp-block-heading\">Moodpath \u2013 K\u00f6vesse nyomon hangulat\u00e1t naponta<\/h3>\n\n\n\n<p>O <strong><a href=\"https:\/\/moodpath.com\/\" target=\"_blank\" rel=\"noreferrer noopener\">Hangulat\u00fat <\/a><\/strong>egy olyan eszk\u00f6z, amely azoknak sz\u00f3l, akik szeretn\u00e9k <strong>hangulat \u00e9s \u00e9rzelmek nyomon k\u00f6vet\u00e9se <\/strong>egyszer\u0171 \u00e9s hat\u00e9kony m\u00f3don. Ez az alkalmaz\u00e1s napi k\u00e9rd\u0151\u00edveket k\u00edn\u00e1l az \u00e9rzelmi \u00e1llapotod felm\u00e9r\u00e9s\u00e9re, valamint r\u00e9szletes jelent\u00e9seket az id\u0151beli fejl\u0151d\u00e9sedr\u0151l. A Moodpath ingyenesen el\u00e9rhet\u0151 a PlayStore-ban, \u00e9s sz\u00e9les k\u00f6rben haszn\u00e1lj\u00e1k az innov\u00e1ci\u00f3t keres\u0151k.<\/p>\n\n\n\n<p>A Moodpath egyik el\u0151nye a folyamatos monitoroz\u00e1si funkci\u00f3ja, amely seg\u00edt azonos\u00edtani az \u00e9rzelmi mint\u00e1kat, \u00e9s \u00e9rt\u00e9kes betekint\u00e9st ny\u00fajt a ment\u00e1lis eg\u00e9szs\u00e9gedbe. R\u00e1ad\u00e1sul a modern, k\u00f6nnyen haszn\u00e1lhat\u00f3 fel\u00fclet b\u00e1rki sz\u00e1m\u00e1ra el\u00e9rhet\u0151v\u00e9 teszi a folyamatot. Ha akarod <strong>Hozz l\u00e9tre \u00f6ngondoskod\u00e1si rutinokat ment\u00e1lis eg\u00e9szs\u00e9g\u00fcgyi alkalmaz\u00e1sokkal <\/strong>A Moodpath mindenk\u00e9ppen meg\u00e9ri a figyelmet.<\/p>\n\n\n\n<h3 class=\"wp-block-heading\">Sanvello \u2013 Online ter\u00e1pia \u00e9s \u00f6nseg\u00edt\u0151 eszk\u00f6z\u00f6k<\/h3>\n\n\n\n<p>O <strong><a href=\"https:\/\/sanvello.com\/\" target=\"_blank\" rel=\"noreferrer noopener\">Sanvello <\/a><\/strong>egy olyan alkalmaz\u00e1s, amely azoknak sz\u00f3l, akik szeretn\u00e9k <strong>p\u00e1nikrohamok kezel\u00e9se mobilalkalmaz\u00e1sokkal <\/strong>hat\u00e9konyan. Vezetett kognit\u00edv viselked\u00e9ster\u00e1pi\u00e1t (CBT), relax\u00e1ci\u00f3s gyakorlatokat \u00e9s \u00f6nseg\u00edt\u0151 eszk\u00f6z\u00f6ket k\u00edn\u00e1l, valamint hozz\u00e1f\u00e9r\u00e9st biztos\u00edt ment\u00e1lhigi\u00e9n\u00e9s szakemberekhez. Az ingyenesen el\u00e9rhet\u0151 a PlayStore-ban, \u00e9s a Sanvello sz\u00e9les k\u00f6rben n\u00e9pszer\u0171 az innov\u00e1ci\u00f3t keres\u0151k k\u00f6r\u00e9ben.<\/p>\n\n\n\n<p>A Sanvello egyik leg\u00e9rdekesebb tulajdons\u00e1ga, hogy szem\u00e9lyre szabott t\u00e1mogat\u00e1st tud ny\u00fajtani, alkalmazkodva az \u00e9rzelmi sz\u00fcks\u00e9gleteidhez. R\u00e1ad\u00e1sul a letisztult \u00e9s k\u00f6nnyen haszn\u00e1lhat\u00f3 fel\u00fclet sokkal k\u00f6nnyebb\u00e9 teszi az \u00f6ngondoskod\u00e1si folyamatot. Ha keresel <strong>legjobb ingyenes ment\u00e1lis eg\u00e9szs\u00e9g\u00fcgyi alkalmaz\u00e1sok <\/strong>A Sanvello kiv\u00e1l\u00f3 v\u00e1laszt\u00e1s.<\/p>\n\n\n\n<h3 class=\"wp-block-heading\">Insight Timer \u2013 Medit\u00e1ci\u00f3k sz\u00e9lesk\u00f6r\u0171 k\u00f6nyvt\u00e1ra<\/h3>\n\n\n\n<p>O <strong><a href=\"https:\/\/insighttimer.com\/\" target=\"_blank\" rel=\"noreferrer noopener\">Insight Timer <\/a><\/strong>egy olyan alkalmaz\u00e1s, amely azoknak sz\u00f3l, akik szeretn\u00e9k <strong>cs\u00f6kkentse a stresszt vezetett medit\u00e1ci\u00f3val <\/strong>d\u00edjmentesen. T\u00f6bb ezer vezetett medit\u00e1ci\u00f3t, hangszeres zen\u00e9t \u00e9s mindfulness el\u0151ad\u00e1sokat k\u00edn\u00e1l, valamint egy akt\u00edv felhaszn\u00e1l\u00f3i k\u00f6z\u00f6ss\u00e9get. Az Insight Timer ingyenesen el\u00e9rhet\u0151 a PlayStore-ban, \u00e9s sz\u00e9les k\u00f6rben haszn\u00e1lj\u00e1k azok, akik a praktikumot keresik.<\/p>\n\n\n\n<p>Az Insight Timer egyik el\u0151nye a kiterjedt k\u00f6nyvt\u00e1r, amely neves szak\u00e9rt\u0151kt\u0151l sz\u00e1rmaz\u00f3 tartalmakat tartalmaz. Ezenk\u00edv\u00fcl olyan funkci\u00f3kat is k\u00edn\u00e1l, mint a medit\u00e1ci\u00f3s id\u0151z\u00edt\u0151 \u00e9s a halad\u00e1s statisztik\u00e1i. Ha keresel <strong>eszk\u00f6z\u00f6k a tudatoss\u00e1g gyakorl\u00e1s\u00e1hoz a mobiltelefonodon <\/strong>Az Insight Timer mindenk\u00e9ppen meg\u00e9ri a figyelmet.<\/p>\n\n\n\n<h2 class=\"wp-block-heading\">Gyakorlati tippek az alkalmaz\u00e1shaszn\u00e1lat maximaliz\u00e1l\u00e1s\u00e1hoz<\/h2>\n\n\n\n<p>Ahhoz, hogy a legt\u00f6bbet hozd ki az eml\u00edtett alkalmaz\u00e1sokb\u00f3l, n\u00e9h\u00e1ny gyakorlat d\u00f6nt\u0151 fontoss\u00e1g\u00fa lehet. El\u0151sz\u00f6r is, sz\u00e1nj naponta n\u00e9h\u00e1ny percet medit\u00e1ci\u00f3ra vagy l\u00e9gz\u0151gyakorlatok gyakorl\u00e1s\u00e1ra. Ez\u00e1ltal kialakul egy k\u00f6vetkezetes rutin, ami hossz\u00fa t\u00e1von j\u00f3t\u00e9kony hat\u00e1ssal van a ment\u00e1lis eg\u00e9szs\u00e9gedre. Ezut\u00e1n t\u0171zz ki re\u00e1lis c\u00e9lokat alkalmaz\u00e1sok seg\u00edts\u00e9g\u00e9vel, hogy apr\u00f3 \u00f6ngondoskod\u00e1si gyakorlatokat alak\u00edts ki, p\u00e9ld\u00e1ul cs\u00f6kkentsd a k\u00e9perny\u0151 el\u0151tt t\u00f6lt\u00f6tt id\u0151t vagy gyakorold a h\u00e1l\u00e1t.<\/p>\n\n\n\n<p>Egy m\u00e1sik fontos tipp, hogy az alkalmaz\u00e1sok \u00e1ltal biztos\u00edtott jelent\u00e9sek \u00e9s grafikonok seg\u00edts\u00e9g\u00e9vel k\u00f6vesse nyomon a halad\u00e1s\u00e1t. Ezek az er\u0151forr\u00e1sok seg\u00edtenek vizualiz\u00e1lni az \u00e9rzelmi fejl\u0151d\u00e9sedet, \u00e9s sz\u00fcks\u00e9g szerint m\u00f3dos\u00edtani a gyakorlataidat. V\u00e9g\u00fcl, az alkalmaz\u00e1sok haszn\u00e1lat\u00e1t offline tev\u00e9kenys\u00e9gekkel, p\u00e9ld\u00e1ul s\u00e9t\u00e1val vagy olvas\u00e1ssal kombin\u00e1lva fokozhatjuk az eredm\u00e9nyeket. Ezek az egyszer\u0171 gyakorlatok nagy v\u00e1ltoz\u00e1st hozhatnak <strong>ment\u00e1lis eg\u00e9szs\u00e9g meg\u0151rz\u00e9se <\/strong>, k\u00fcl\u00f6n\u00f6sen a fent eml\u00edtett alkalmaz\u00e1sokkal kombin\u00e1lva.<\/p>\n\n\n\n<figure class=\"wp-block-image size-large is-resized\"><img loading=\"lazy\" decoding=\"async\" width=\"1024\" height=\"683\" src=\"https:\/\/vejamob.com\/wp-content\/uploads\/2025\/03\/ChatGPT-Image-17-de-jun.-de-2025-13_38_40-1024x683.png\" alt=\"\" class=\"wp-image-48569\" style=\"width:791px;height:auto\" srcset=\"https:\/\/vejamob.com\/wp-content\/uploads\/2025\/03\/ChatGPT-Image-17-de-jun.-de-2025-13_38_40-1024x683.png 1024w, https:\/\/vejamob.com\/wp-content\/uploads\/2025\/03\/ChatGPT-Image-17-de-jun.-de-2025-13_38_40-300x200.png 300w, https:\/\/vejamob.com\/wp-content\/uploads\/2025\/03\/ChatGPT-Image-17-de-jun.-de-2025-13_38_40-768x512.png 768w, https:\/\/vejamob.com\/wp-content\/uploads\/2025\/03\/ChatGPT-Image-17-de-jun.-de-2025-13_38_40-18x12.png 18w, https:\/\/vejamob.com\/wp-content\/uploads\/2025\/03\/ChatGPT-Image-17-de-jun.-de-2025-13_38_40.png 1536w\" sizes=\"auto, (max-width: 1024px) 100vw, 1024px\" \/><\/figure>\n\n\n\n<h2 class=\"wp-block-heading\">Konkl\u00fazi\u00f3: Gondoskodj az elm\u00e9dr\u0151l alkalmaz\u00e1sokkal<\/h2>\n\n\n\n<p>R\u00f6viden, a <strong>ingyenes ment\u00e1lis eg\u00e9szs\u00e9g\u00fcgyi alkalmaz\u00e1sok <\/strong>hat\u00e9kony eszk\u00f6z\u00f6k, amelyek \u00e1talak\u00edthatj\u00e1k az elm\u00e9dr\u0151l val\u00f3 gondoskod\u00e1s m\u00f3dj\u00e1t. A vezetett medit\u00e1ci\u00f3hoz ide\u00e1lis Calm alkalmaz\u00e1st\u00f3l az online ter\u00e1pi\u00e1hoz t\u00f6k\u00e9letes Sanvello alkalmaz\u00e1sig minden alkalmaz\u00e1s egyedi funkci\u00f3kat k\u00edn\u00e1l, amelyek k\u00fcl\u00f6nb\u00f6z\u0151 profilokhoz illeszkednek. Ezen lehet\u0151s\u00e9gek felt\u00e1r\u00e1s\u00e1val megtal\u00e1lhatja az \u00d6nnek ide\u00e1lis megold\u00e1st. <strong>p\u00e1nikrohamok kezel\u00e9se mobilalkalmaz\u00e1sokkal <\/strong>gyakorlatias \u00e9s hat\u00e9kony m\u00f3don.<\/p>\n\n\n\n<p>Teh\u00e1t ne vesztegessen t\u00f6bb id\u0151t, \u00e9s v\u00e1lassza a <strong>legjobb alkalmaz\u00e1s vezetett medit\u00e1ci\u00f3hoz \u00e9s relax\u00e1ci\u00f3hoz <\/strong>ami megfelel az elv\u00e1r\u00e1saidnak. A rengeteg let\u00f6lthet\u0151 opci\u00f3 k\u00f6z\u00fcl biztosan tal\u00e1lsz egy olyan platformot, amely megfelel az ig\u00e9nyeidnek. \u00c9s ha tov\u00e1bb szeretn\u00e9l tanulni a technol\u00f3gi\u00e1r\u00f3l \u00e9s a j\u00f3ll\u00e9tr\u0151l, n\u00e9zd meg exkluz\u00edv tippjeinket a k\u00f6vetkez\u0151 t\u00e9m\u00e1ban: <a href=\"https:\/\/vejamob.com\/hu\/\">L\u00c1SD MOB<\/a>  ahol gyakorlati tartalmakat osztunk meg a mobilalkalmaz\u00e1sokkal kapcsolatos felhaszn\u00e1l\u00f3i \u00e9lm\u00e9ny jav\u00edt\u00e1sa \u00e9rdek\u00e9ben.<\/p>","protected":false},"excerpt":{"rendered":"<p>Nos dias de hoje, cuidar da sa\u00fade mental tornou-se t\u00e3o essencial quanto cuidar da sa\u00fade f\u00edsica. Felizmente, Usar Apps para Manter a Sa\u00fade Mental dispon\u00edveis na PlayStore podem ser grandes aliados nessa jornada. Esses apps oferecem recursos como medita\u00e7\u00e3o guiada, exerc\u00edcios de respira\u00e7\u00e3o, acompanhamento de humor e at\u00e9 terapia online, tudo diretamente do seu celular. &#8230; <a title=\"Hogyan haszn\u00e1lj alkalmaz\u00e1sokat ment\u00e1lis eg\u00e9szs\u00e9ged cs\u00facsform\u00e1ban tart\u00e1sa \u00e9rdek\u00e9ben\" class=\"read-more\" href=\"https:\/\/vejamob.com\/hu\/hogyan-hasznaljuk-az-alkalmazasokat-a-mentalis-egeszseg-megorzesehez\/\" aria-label=\"Read more about Como Usar Apps para Manter a Sa\u00fade Mental em Alta\">Olvass tov\u00e1bb<\/a><\/p>","protected":false},"author":1,"featured_media":48569,"comment_status":"closed","ping_status":"closed","sticky":false,"template":"","format":"standard","meta":{"footnotes":""},"categories":[3],"tags":[],"class_list":["post-48172","post","type-post","status-publish","format-standard","has-post-thumbnail","hentry","category-utilidades"],"yoast_head":"<!-- This site is optimized with the Yoast SEO plugin v25.6 - https:\/\/yoast.com\/wordpress\/plugins\/seo\/ -->\n<title>Como Usar Apps para Manter a Sa\u00fade Mental em Alta - Vejamob<\/title>\n<meta name=\"description\" content=\"Use apps de medita\u00e7\u00e3o, relaxamento e autocuidado para manter sua sa\u00fade mental e melhorar seu bem-estar emocional.\" \/>\n<meta name=\"robots\" content=\"index, follow, max-snippet:-1, max-image-preview:large, max-video-preview:-1\" \/>\n<link rel=\"canonical\" href=\"https:\/\/vejamob.com\/hu\/hogyan-hasznaljuk-az-alkalmazasokat-a-mentalis-egeszseg-megorzesehez\/\" \/>\n<meta property=\"og:locale\" content=\"hu_HU\" \/>\n<meta property=\"og:type\" content=\"article\" \/>\n<meta property=\"og:title\" content=\"Como Usar Apps para Manter a Sa\u00fade Mental em Alta - Vejamob\" \/>\n<meta property=\"og:description\" content=\"Use apps de medita\u00e7\u00e3o, relaxamento e autocuidado para manter sua sa\u00fade mental e melhorar seu bem-estar emocional.\" \/>\n<meta property=\"og:url\" content=\"https:\/\/vejamob.com\/hu\/hogyan-hasznaljuk-az-alkalmazasokat-a-mentalis-egeszseg-megorzesehez\/\" \/>\n<meta property=\"og:site_name\" content=\"Vejamob\" \/>\n<meta property=\"article:published_time\" content=\"2025-03-25T13:17:58+00:00\" \/>\n<meta property=\"article:modified_time\" content=\"2025-06-17T16:39:53+00:00\" \/>\n<meta property=\"og:image\" content=\"https:\/\/vejamob.com\/wp-content\/uploads\/2025\/03\/ChatGPT-Image-17-de-jun.-de-2025-13_38_40-1024x683.png\" \/>\n\t<meta property=\"og:image:width\" content=\"1024\" \/>\n\t<meta property=\"og:image:height\" content=\"683\" \/>\n\t<meta property=\"og:image:type\" content=\"image\/png\" \/>\n<meta name=\"author\" content=\"Ricardo Sanches\" \/>\n<meta name=\"twitter:card\" content=\"summary_large_image\" \/>\n<meta name=\"twitter:label1\" content=\"Szerz\u0151:\" \/>\n\t<meta name=\"twitter:data1\" content=\"Ricardo Sanches\" \/>\n\t<meta name=\"twitter:label2\" content=\"Becs\u00fclt olvas\u00e1si id\u0151\" \/>\n\t<meta name=\"twitter:data2\" content=\"7 perc\" \/>\n<script type=\"application\/ld+json\" class=\"yoast-schema-graph\">{\"@context\":\"https:\/\/schema.org\",\"@graph\":[{\"@type\":\"Article\",\"@id\":\"https:\/\/vejamob.com\/como-usar-apps-para-manter-a-saude-mental\/#article\",\"isPartOf\":{\"@id\":\"https:\/\/vejamob.com\/como-usar-apps-para-manter-a-saude-mental\/\"},\"author\":{\"name\":\"Ricardo Sanches\",\"@id\":\"https:\/\/vejamob.com\/#\/schema\/person\/bb541903872d085fa90ac00beaa188b9\"},\"headline\":\"Como Usar Apps para Manter a Sa\u00fade Mental em Alta\",\"datePublished\":\"2025-03-25T13:17:58+00:00\",\"dateModified\":\"2025-06-17T16:39:53+00:00\",\"mainEntityOfPage\":{\"@id\":\"https:\/\/vejamob.com\/como-usar-apps-para-manter-a-saude-mental\/\"},\"wordCount\":1253,\"publisher\":{\"@id\":\"https:\/\/vejamob.com\/#organization\"},\"image\":{\"@id\":\"https:\/\/vejamob.com\/como-usar-apps-para-manter-a-saude-mental\/#primaryimage\"},\"thumbnailUrl\":\"https:\/\/vejamob.com\/wp-content\/uploads\/2025\/03\/ChatGPT-Image-17-de-jun.-de-2025-13_38_40.png\",\"articleSection\":[\"Utilidades\"],\"inLanguage\":\"hu\"},{\"@type\":\"WebPage\",\"@id\":\"https:\/\/vejamob.com\/como-usar-apps-para-manter-a-saude-mental\/\",\"url\":\"https:\/\/vejamob.com\/como-usar-apps-para-manter-a-saude-mental\/\",\"name\":\"Como Usar Apps para Manter a Sa\u00fade Mental em Alta - Vejamob\",\"isPartOf\":{\"@id\":\"https:\/\/vejamob.com\/#website\"},\"primaryImageOfPage\":{\"@id\":\"https:\/\/vejamob.com\/como-usar-apps-para-manter-a-saude-mental\/#primaryimage\"},\"image\":{\"@id\":\"https:\/\/vejamob.com\/como-usar-apps-para-manter-a-saude-mental\/#primaryimage\"},\"thumbnailUrl\":\"https:\/\/vejamob.com\/wp-content\/uploads\/2025\/03\/ChatGPT-Image-17-de-jun.-de-2025-13_38_40.png\",\"datePublished\":\"2025-03-25T13:17:58+00:00\",\"dateModified\":\"2025-06-17T16:39:53+00:00\",\"description\":\"Use apps de medita\u00e7\u00e3o, relaxamento e autocuidado para manter sua sa\u00fade mental e melhorar seu bem-estar emocional.\",\"breadcrumb\":{\"@id\":\"https:\/\/vejamob.com\/como-usar-apps-para-manter-a-saude-mental\/#breadcrumb\"},\"inLanguage\":\"hu\",\"potentialAction\":[{\"@type\":\"ReadAction\",\"target\":[\"https:\/\/vejamob.com\/como-usar-apps-para-manter-a-saude-mental\/\"]}]},{\"@type\":\"ImageObject\",\"inLanguage\":\"hu\",\"@id\":\"https:\/\/vejamob.com\/como-usar-apps-para-manter-a-saude-mental\/#primaryimage\",\"url\":\"https:\/\/vejamob.com\/wp-content\/uploads\/2025\/03\/ChatGPT-Image-17-de-jun.-de-2025-13_38_40.png\",\"contentUrl\":\"https:\/\/vejamob.com\/wp-content\/uploads\/2025\/03\/ChatGPT-Image-17-de-jun.-de-2025-13_38_40.png\",\"width\":1536,\"height\":1024},{\"@type\":\"BreadcrumbList\",\"@id\":\"https:\/\/vejamob.com\/como-usar-apps-para-manter-a-saude-mental\/#breadcrumb\",\"itemListElement\":[{\"@type\":\"ListItem\",\"position\":1,\"name\":\"In\u00edcio\",\"item\":\"https:\/\/vejamob.com\/\"},{\"@type\":\"ListItem\",\"position\":2,\"name\":\"Como Usar Apps para Manter a Sa\u00fade Mental em Alta\"}]},{\"@type\":\"WebSite\",\"@id\":\"https:\/\/vejamob.com\/#website\",\"url\":\"https:\/\/vejamob.com\/\",\"name\":\"Noticia Tecnologia\",\"description\":\"Tudo sobre aplicativos!\",\"publisher\":{\"@id\":\"https:\/\/vejamob.com\/#organization\"},\"potentialAction\":[{\"@type\":\"SearchAction\",\"target\":{\"@type\":\"EntryPoint\",\"urlTemplate\":\"https:\/\/vejamob.com\/?s={search_term_string}\"},\"query-input\":{\"@type\":\"PropertyValueSpecification\",\"valueRequired\":true,\"valueName\":\"search_term_string\"}}],\"inLanguage\":\"hu\"},{\"@type\":\"Organization\",\"@id\":\"https:\/\/vejamob.com\/#organization\",\"name\":\"Spotads\",\"url\":\"https:\/\/vejamob.com\/\",\"logo\":{\"@type\":\"ImageObject\",\"inLanguage\":\"hu\",\"@id\":\"https:\/\/vejamob.com\/#\/schema\/logo\/image\/\",\"url\":\"https:\/\/vejamob.com\/wp-content\/uploads\/2024\/06\/NOTICIA-LOGO-1.png\",\"contentUrl\":\"https:\/\/vejamob.com\/wp-content\/uploads\/2024\/06\/NOTICIA-LOGO-1.png\",\"width\":250,\"height\":60,\"caption\":\"Spotads\"},\"image\":{\"@id\":\"https:\/\/vejamob.com\/#\/schema\/logo\/image\/\"}},{\"@type\":\"Person\",\"@id\":\"https:\/\/vejamob.com\/#\/schema\/person\/bb541903872d085fa90ac00beaa188b9\",\"name\":\"Ricardo Sanches\",\"description\":\"Sou especialista em Tecnologia da Informa\u00e7\u00e3o e atualmente colaboro como redator no blog Not\u00edcia Tecnologia. Minha miss\u00e3o \u00e9 criar conte\u00fados informativos e envolventes para voc\u00ea, trazendo novidades e tend\u00eancias do mundo tecnol\u00f3gico diariamente.\",\"sameAs\":[\"https:\/\/vejamob.com\"],\"url\":\"https:\/\/vejamob.com\/hu\/author\/raiphy\/\"}]}<\/script>\n<!-- \/ Yoast SEO plugin. -->","yoast_head_json":{"title":"Hogyan haszn\u00e1ljuk az alkalmaz\u00e1sokat a ment\u00e1lis eg\u00e9szs\u00e9g\u00fcnk meg\u0151rz\u00e9s\u00e9hez - Vejamob","description":"Haszn\u00e1lj medit\u00e1ci\u00f3s, relax\u00e1ci\u00f3s \u00e9s \u00f6ngondoskod\u00e1sra alkalmas alkalmaz\u00e1sokat ment\u00e1lis eg\u00e9szs\u00e9ged meg\u0151rz\u00e9s\u00e9hez \u00e9s \u00e9rzelmi j\u00f3l\u00e9ted jav\u00edt\u00e1s\u00e1hoz.","robots":{"index":"index","follow":"follow","max-snippet":"max-snippet:-1","max-image-preview":"max-image-preview:large","max-video-preview":"max-video-preview:-1"},"canonical":"https:\/\/vejamob.com\/hu\/hogyan-hasznaljuk-az-alkalmazasokat-a-mentalis-egeszseg-megorzesehez\/","og_locale":"hu_HU","og_type":"article","og_title":"Como Usar Apps para Manter a Sa\u00fade Mental em Alta - Vejamob","og_description":"Use apps de medita\u00e7\u00e3o, relaxamento e autocuidado para manter sua sa\u00fade mental e melhorar seu bem-estar emocional.","og_url":"https:\/\/vejamob.com\/hu\/hogyan-hasznaljuk-az-alkalmazasokat-a-mentalis-egeszseg-megorzesehez\/","og_site_name":"Vejamob","article_published_time":"2025-03-25T13:17:58+00:00","article_modified_time":"2025-06-17T16:39:53+00:00","og_image":[{"width":1024,"height":683,"url":"https:\/\/vejamob.com\/wp-content\/uploads\/2025\/03\/ChatGPT-Image-17-de-jun.-de-2025-13_38_40-1024x683.png","type":"image\/png"}],"author":"Ricardo Sanches","twitter_card":"summary_large_image","twitter_misc":{"Szerz\u0151:":"Ricardo Sanches","Becs\u00fclt olvas\u00e1si id\u0151":"7 perc"},"schema":{"@context":"https:\/\/schema.org","@graph":[{"@type":"Article","@id":"https:\/\/vejamob.com\/como-usar-apps-para-manter-a-saude-mental\/#article","isPartOf":{"@id":"https:\/\/vejamob.com\/como-usar-apps-para-manter-a-saude-mental\/"},"author":{"name":"Ricardo Sanches","@id":"https:\/\/vejamob.com\/#\/schema\/person\/bb541903872d085fa90ac00beaa188b9"},"headline":"Como Usar Apps para Manter a Sa\u00fade Mental em Alta","datePublished":"2025-03-25T13:17:58+00:00","dateModified":"2025-06-17T16:39:53+00:00","mainEntityOfPage":{"@id":"https:\/\/vejamob.com\/como-usar-apps-para-manter-a-saude-mental\/"},"wordCount":1253,"publisher":{"@id":"https:\/\/vejamob.com\/#organization"},"image":{"@id":"https:\/\/vejamob.com\/como-usar-apps-para-manter-a-saude-mental\/#primaryimage"},"thumbnailUrl":"https:\/\/vejamob.com\/wp-content\/uploads\/2025\/03\/ChatGPT-Image-17-de-jun.-de-2025-13_38_40.png","articleSection":["Utilidades"],"inLanguage":"hu"},{"@type":"WebPage","@id":"https:\/\/vejamob.com\/como-usar-apps-para-manter-a-saude-mental\/","url":"https:\/\/vejamob.com\/como-usar-apps-para-manter-a-saude-mental\/","name":"Hogyan haszn\u00e1ljuk az alkalmaz\u00e1sokat a ment\u00e1lis eg\u00e9szs\u00e9g\u00fcnk meg\u0151rz\u00e9s\u00e9hez - Vejamob","isPartOf":{"@id":"https:\/\/vejamob.com\/#website"},"primaryImageOfPage":{"@id":"https:\/\/vejamob.com\/como-usar-apps-para-manter-a-saude-mental\/#primaryimage"},"image":{"@id":"https:\/\/vejamob.com\/como-usar-apps-para-manter-a-saude-mental\/#primaryimage"},"thumbnailUrl":"https:\/\/vejamob.com\/wp-content\/uploads\/2025\/03\/ChatGPT-Image-17-de-jun.-de-2025-13_38_40.png","datePublished":"2025-03-25T13:17:58+00:00","dateModified":"2025-06-17T16:39:53+00:00","description":"Haszn\u00e1lj medit\u00e1ci\u00f3s, relax\u00e1ci\u00f3s \u00e9s \u00f6ngondoskod\u00e1sra alkalmas alkalmaz\u00e1sokat ment\u00e1lis eg\u00e9szs\u00e9ged meg\u0151rz\u00e9s\u00e9hez \u00e9s \u00e9rzelmi j\u00f3l\u00e9ted jav\u00edt\u00e1s\u00e1hoz.","breadcrumb":{"@id":"https:\/\/vejamob.com\/como-usar-apps-para-manter-a-saude-mental\/#breadcrumb"},"inLanguage":"hu","potentialAction":[{"@type":"ReadAction","target":["https:\/\/vejamob.com\/como-usar-apps-para-manter-a-saude-mental\/"]}]},{"@type":"ImageObject","inLanguage":"hu","@id":"https:\/\/vejamob.com\/como-usar-apps-para-manter-a-saude-mental\/#primaryimage","url":"https:\/\/vejamob.com\/wp-content\/uploads\/2025\/03\/ChatGPT-Image-17-de-jun.-de-2025-13_38_40.png","contentUrl":"https:\/\/vejamob.com\/wp-content\/uploads\/2025\/03\/ChatGPT-Image-17-de-jun.-de-2025-13_38_40.png","width":1536,"height":1024},{"@type":"BreadcrumbList","@id":"https:\/\/vejamob.com\/como-usar-apps-para-manter-a-saude-mental\/#breadcrumb","itemListElement":[{"@type":"ListItem","position":1,"name":"In\u00edcio","item":"https:\/\/vejamob.com\/"},{"@type":"ListItem","position":2,"name":"Como Usar Apps para Manter a Sa\u00fade Mental em Alta"}]},{"@type":"WebSite","@id":"https:\/\/vejamob.com\/#website","url":"https:\/\/vejamob.com\/","name":"Technol\u00f3giai h\u00edrek","description":"Mindent az alkalmaz\u00e1sokr\u00f3l!","publisher":{"@id":"https:\/\/vejamob.com\/#organization"},"potentialAction":[{"@type":"SearchAction","target":{"@type":"EntryPoint","urlTemplate":"https:\/\/vejamob.com\/?s={search_term_string}"},"query-input":{"@type":"PropertyValueSpecification","valueRequired":true,"valueName":"search_term_string"}}],"inLanguage":"hu"},{"@type":"Organization","@id":"https:\/\/vejamob.com\/#organization","name":"Spotads","url":"https:\/\/vejamob.com\/","logo":{"@type":"ImageObject","inLanguage":"hu","@id":"https:\/\/vejamob.com\/#\/schema\/logo\/image\/","url":"https:\/\/vejamob.com\/wp-content\/uploads\/2024\/06\/NOTICIA-LOGO-1.png","contentUrl":"https:\/\/vejamob.com\/wp-content\/uploads\/2024\/06\/NOTICIA-LOGO-1.png","width":250,"height":60,"caption":"Spotads"},"image":{"@id":"https:\/\/vejamob.com\/#\/schema\/logo\/image\/"}},{"@type":"Person","@id":"https:\/\/vejamob.com\/#\/schema\/person\/bb541903872d085fa90ac00beaa188b9","name":"Ricardo Sanches","description":"Informatikai szak\u00e9rt\u0151 vagyok, jelenleg a Not\u00edcia Tecnologia blog \u00edr\u00f3jak\u00e9nt dolgozom. Az a k\u00fcldet\u00e9sem, hogy informat\u00edv \u00e9s lebilincsel\u0151 tartalmat k\u00e9sz\u00edtsek sz\u00e1modra, napi rendszeress\u00e9ggel hozva sz\u00e1modra h\u00edreket \u00e9s trendeket a technol\u00f3giai vil\u00e1gb\u00f3l.","sameAs":["https:\/\/vejamob.com"],"url":"https:\/\/vejamob.com\/hu\/author\/raiphy\/"}]}},"_links":{"self":[{"href":"https:\/\/vejamob.com\/hu\/wp-json\/wp\/v2\/posts\/48172","targetHints":{"allow":["GET"]}}],"collection":[{"href":"https:\/\/vejamob.com\/hu\/wp-json\/wp\/v2\/posts"}],"about":[{"href":"https:\/\/vejamob.com\/hu\/wp-json\/wp\/v2\/types\/post"}],"author":[{"embeddable":true,"href":"https:\/\/vejamob.com\/hu\/wp-json\/wp\/v2\/users\/1"}],"replies":[{"embeddable":true,"href":"https:\/\/vejamob.com\/hu\/wp-json\/wp\/v2\/comments?post=48172"}],"version-history":[{"count":0,"href":"https:\/\/vejamob.com\/hu\/wp-json\/wp\/v2\/posts\/48172\/revisions"}],"wp:featuredmedia":[{"embeddable":true,"href":"https:\/\/vejamob.com\/hu\/wp-json\/wp\/v2\/media\/48569"}],"wp:attachment":[{"href":"https:\/\/vejamob.com\/hu\/wp-json\/wp\/v2\/media?parent=48172"}],"wp:term":[{"taxonomy":"category","embeddable":true,"href":"https:\/\/vejamob.com\/hu\/wp-json\/wp\/v2\/categories?post=48172"},{"taxonomy":"post_tag","embeddable":true,"href":"https:\/\/vejamob.com\/hu\/wp-json\/wp\/v2\/tags?post=48172"}],"curies":[{"name":"munkaf\u00fczet","href":"https:\/\/api.w.org\/{rel}","templated":true}]}}